{"id":445,"date":"2025-08-04T11:47:19","date_gmt":"2025-08-04T11:47:19","guid":{"rendered":"https:\/\/brettern.org\/wordpress\/?p=445"},"modified":"2026-02-06T10:47:22","modified_gmt":"2026-02-06T10:47:22","slug":"save-the-date-und-helft-uns-spenden-sammeln","status":"publish","type":"post","link":"https:\/\/brettern.org\/wordpress\/2025\/08\/04\/save-the-date-und-helft-uns-spenden-sammeln\/","title":{"rendered":"Save the Date und helft uns Spenden sammeln!"},"content":{"rendered":"\n<p>Unsere Rollschuhdisko soll dieses Jahr am 13.09.2025 stattfinden. Wie bereits in den letzten 2 Jahren freuen wir uns auf ne glitzernd bunte wunderbare Zeit am St\u00e9phane-Hessel-Platz.&nbsp;<\/p>\n\n\n\n<p class=\"has-contrast-color has-text-color has-link-color wp-elements-bbff9ee9c5bfdd859e36f933c7930ac8\">Neu ist dieses Jahr: Wir haben noch nicht gen\u00fcgend F\u00f6rdermittel sichern k\u00f6nnen! Helft mit und teilt unsere Spendenaufrufe, erz\u00e4hlt euren Freunden von uns und denkt auch beim W\u00e4hlen an sozio-kulturelle Unterst\u00fctzung! Viele ehrenamtliche Vereine und Projekte sind sp\u00e4testens seit diesem Jahr ganz sch\u00f6n am struggeln \u2026<\/p>\n\n\n\n<p><\/p>\n","protected":false},"excerpt":{"rendered":"<p>Unsere Rollschuhdisko soll dieses Jahr am 13.09.2025 stattfinden. Wie bereits in den letzten 2 Jahren freuen wir uns auf ne glitzernd bunte wunderbare Zeit am St\u00e9phane-Hessel-Platz.&nbsp; Neu ist dieses Jahr: Wir haben noch nicht gen\u00fcgend F\u00f6rdermittel sichern k\u00f6nnen! Helft mit und teilt unsere Spendenaufrufe, erz\u00e4hlt euren Freunden von uns und denkt auch beim W\u00e4hlen an [&hellip;]<\/p>\n","protected":false},"author":2,"featured_media":446,"comment_status":"open","ping_status":"open","sticky":false,"template":"","format":"standard","meta":{"footnotes":""},"categories":[21,18,17],"tags":[22],"class_list":["post-445","post","type-post","status-publish","format-standard","has-post-thumbnail","hentry","category-news","category-skaten","category-termine","tag-13-09-2025"],"_links":{"self":[{"href":"https:\/\/brettern.org\/wordpress\/wp-json\/wp\/v2\/posts\/445","targetHints":{"allow":["GET"]}}],"collection":[{"href":"https:\/\/brettern.org\/wordpress\/wp-json\/wp\/v2\/posts"}],"about":[{"href":"https:\/\/brettern.org\/wordpress\/wp-json\/wp\/v2\/types\/post"}],"author":[{"embeddable":true,"href":"https:\/\/brettern.org\/wordpress\/wp-json\/wp\/v2\/users\/2"}],"replies":[{"embeddable":true,"href":"https:\/\/brettern.org\/wordpress\/wp-json\/wp\/v2\/comments?post=445"}],"version-history":[{"count":81,"href":"https:\/\/brettern.org\/wordpress\/wp-json\/wp\/v2\/posts\/445\/revisions"}],"predecessor-version":[{"id":915,"href":"https:\/\/brettern.org\/wordpress\/wp-json\/wp\/v2\/posts\/445\/revisions\/915"}],"wp:featuredmedia":[{"embeddable":true,"href":"https:\/\/brettern.org\/wordpress\/wp-json\/wp\/v2\/media\/446"}],"wp:attachment":[{"href":"https:\/\/brettern.org\/wordpress\/wp-json\/wp\/v2\/media?parent=445"}],"wp:term":[{"taxonomy":"category","embeddable":true,"href":"https:\/\/brettern.org\/wordpress\/wp-json\/wp\/v2\/categories?post=445"},{"taxonomy":"post_tag","embeddable":true,"href":"https:\/\/brettern.org\/wordpress\/wp-json\/wp\/v2\/tags?post=445"}],"curies":[{"name":"wp","href":"https:\/\/api.w.org\/{rel}","templated":true}]}}