{"id":1125,"date":"2026-02-20T14:49:54","date_gmt":"2026-02-20T14:49:54","guid":{"rendered":"https:\/\/brettern.org\/wordpress\/?p=1125"},"modified":"2026-02-20T14:49:54","modified_gmt":"2026-02-20T14:49:54","slug":"schon-wieder-durch-ein-ganzes-jahr-gebrettert-2025-ist-rum-wir-freuen-uns-auf-2026","status":"publish","type":"post","link":"https:\/\/brettern.org\/wordpress\/2026\/02\/20\/schon-wieder-durch-ein-ganzes-jahr-gebrettert-2025-ist-rum-wir-freuen-uns-auf-2026\/","title":{"rendered":"Schon wieder durch ein ganzes Jahr gebrettert \u2013 2025 ist rum, wir freuen uns auf 2026!"},"content":{"rendered":"\n<p>Irgendwie erwischt es uns doch immer wieder aus der kalten \u2013 eben war noch Sommer und schwubs \u2013 Jahr vorbei. Daf\u00fcr schauen wir auf ein ziemlich erfolgreiches Vereinsjahr zur\u00fcck:<\/p>\n\n\n\n<p>Zu Beginn des Sommers konnten wir erstmals nen Flinta*-Selbstverteidigungsworkshop anbieten. Das war lange geplant und hat uns wahnsinnig gut gefallen. Mit der Premiere von Evans Film \u201cLass ma Skatenacht Bauen\u201d hatten wir Gelegenheit, mit euch zusammen im Lichthaus zu feiern und \u00fcber Vereinsarbeit in Mitteldeutschland ins Gespr\u00e4ch zu kommen. Unsere gro\u00dfen Veranstaltungen Skatenacht und Rollschuhdisko konnten wir dieses Jahr endlich mal wieder bei Sonne so richtig genie\u00dfen, auch wenn die Finanzierung lange Zeit unklar war. Und zu guter Letzt konnten wir au\u00dferdem endlich eine erste L\u00f6sung f\u00fcr unsere Lagerprobleme finden (Danke @Lichthaus und danke liebe KET-Halle!). Dar\u00fcber hinaus gabs wie immer unz\u00e4hlige kleinere Kooperationsprojekte, viele Skateworkshops und lustige gemeinsame Erlebnisse und Ausfl\u00fcge. Kurz um \u2013 wir hatten ein gutes Jahr! Auf dass 2026 ebenso super daher gerollt kommt \ud83d\ude09<\/p>\n\n\n\n<p><\/p>\n","protected":false},"excerpt":{"rendered":"<p>Irgendwie erwischt es uns doch immer wieder aus der kalten \u2013 eben war noch Sommer und schwubs \u2013 Jahr vorbei. Daf\u00fcr schauen wir auf ein ziemlich erfolgreiches Vereinsjahr zur\u00fcck: Zu Beginn des Sommers konnten wir erstmals nen Flinta*-Selbstverteidigungsworkshop anbieten. Das war lange geplant und hat uns wahnsinnig gut gefallen. Mit der Premiere von Evans Film [&hellip;]<\/p>\n","protected":false},"author":2,"featured_media":1062,"comment_status":"open","ping_status":"open","sticky":false,"template":"","format":"standard","meta":{"footnotes":""},"categories":[21],"tags":[35],"class_list":["post-1125","post","type-post","status-publish","format-standard","has-post-thumbnail","hentry","category-news","tag-jahresrueckblick-2025"],"_links":{"self":[{"href":"https:\/\/brettern.org\/wordpress\/wp-json\/wp\/v2\/posts\/1125","targetHints":{"allow":["GET"]}}],"collection":[{"href":"https:\/\/brettern.org\/wordpress\/wp-json\/wp\/v2\/posts"}],"about":[{"href":"https:\/\/brettern.org\/wordpress\/wp-json\/wp\/v2\/types\/post"}],"author":[{"embeddable":true,"href":"https:\/\/brettern.org\/wordpress\/wp-json\/wp\/v2\/users\/2"}],"replies":[{"embeddable":true,"href":"https:\/\/brettern.org\/wordpress\/wp-json\/wp\/v2\/comments?post=1125"}],"version-history":[{"count":6,"href":"https:\/\/brettern.org\/wordpress\/wp-json\/wp\/v2\/posts\/1125\/revisions"}],"predecessor-version":[{"id":1135,"href":"https:\/\/brettern.org\/wordpress\/wp-json\/wp\/v2\/posts\/1125\/revisions\/1135"}],"wp:featuredmedia":[{"embeddable":true,"href":"https:\/\/brettern.org\/wordpress\/wp-json\/wp\/v2\/media\/1062"}],"wp:attachment":[{"href":"https:\/\/brettern.org\/wordpress\/wp-json\/wp\/v2\/media?parent=1125"}],"wp:term":[{"taxonomy":"category","embeddable":true,"href":"https:\/\/brettern.org\/wordpress\/wp-json\/wp\/v2\/categories?post=1125"},{"taxonomy":"post_tag","embeddable":true,"href":"https:\/\/brettern.org\/wordpress\/wp-json\/wp\/v2\/tags?post=1125"}],"curies":[{"name":"wp","href":"https:\/\/api.w.org\/{rel}","templated":true}]}}